{"id":998,"date":"2018-10-29T17:50:17","date_gmt":"2018-10-29T16:50:17","guid":{"rendered":"https:\/\/www.der-informationsdesigner.de\/agentur-blog\/?p=998"},"modified":"2023-01-30T11:13:26","modified_gmt":"2023-01-30T10:13:26","slug":"logo-redesign-pgm-gmbh","status":"publish","type":"post","link":"https:\/\/www.der-informationsdesigner.de\/agentur-blog\/referenzen\/logo-redesign-pgm-gmbh\/","title":{"rendered":"Logo-Redesign PGM GmbH"},"content":{"rendered":"<p><em>Logo-Redesign:<\/em> F\u00fcr die PGM GmbH aus Kaufbeuren haben wir die Logo-\u00dcberarbeitung bzw. das <a title=\"Mehr zum Thema Logo-Design und Logo-Gestaltung als Bestandteil unserer Leistungen als Print- und Designagentur aus dem Allg\u00e4u\" href=\"https:\/\/www.der-informationsdesigner.de\/leistungen\/logo-design-allgaeu\/\">Logo-Design<\/a> \u00fcbernommen und eine zeitgem\u00e4\u00dfe Version der Wort-\/Bildmarke entwickelt.<br \/>\n<!--more--><\/p>\n<p><strong>Ziel war die Modernisierung des bereits bestehenden Logos und die Neu-Gestaltung des zentralen Motivs des Steinbocks<\/strong> als Sinnbild f\u00fcr Stabilit\u00e4t und Zuverl\u00e4ssigkeit welches das Unternehmen f\u00fcr Pr\u00fcfstands- und Getriebebau auszeichnet. <\/p>\n<p>Zusammen mit unserem Kunden entwickelten wir in enger Absprache eine Reihe von Ans\u00e4tzen bis hin zur finalen Version, die zuk\u00fcnftig f\u00fcr ein klares und einheitliches Erscheinungsbild des Unternehmens steht.<\/p>\n<figure style=\"padding-bottom: 0;\"><img decoding=\"async\" src=\"https:\/\/www.der-informationsdesigner.de\/agentur-blog\/wp-content\/uploads\/2018\/10\/logo-redesign-grafikdesign-allgaeu.png\" alt=\"Logo-Redesign - Der Informationsdesigner\" \/><\/figure><figcaption class=\"wp-caption-text\">Hier das finale Ergebnis der Logo-\u00dcberarbeitung<\/figcaption><p class=\"cta-kontakt\"><strong>Sie planen die \u00dcberarbeitung bzw. Neuentwicklung Ihres Logos und suchen eine Werbeagentur (aus dem Allg\u00e4u) die gemeinsam mit Ihnen Ideen entwickelt und realisiert.<\/strong> Wir unterst\u00fctzen und beraten Sie gerne zum Thema Logo-, Print-, Grafik- oder auch Webdesign.<\/p>\n<p><a class=\"cta-kontakt-button\" title=\"Kontaktaufnahme - Der Informationsdesigner | Agentur f\u00fcr Logo-, Grafik- und Printdesign aus dem Allg\u00e4u\" href=\"https:\/\/www.der-informationsdesigner.de\/kontakt\/index.php\">Kontaktieren Sie uns<\/a><\/p>\n","protected":false},"excerpt":{"rendered":"<p>Logo-Redesign: F\u00fcr die PGM GmbH aus Kaufbeuren haben wir die Logo-\u00dcberarbeitung bzw. das Logo-Design \u00fcbernommen und eine zeitgem\u00e4\u00dfe Version der Wort-\/Bildmarke entwickelt.<\/p>\n","protected":false},"author":1,"featured_media":0,"comment_status":"closed","ping_status":"open","sticky":false,"template":"","format":"standard","meta":{"footnotes":""},"categories":[15,4],"tags":[18],"class_list":["post-998","post","type-post","status-publish","format-standard","hentry","category-printdesign-gestaltung","category-referenzen","tag-logodesign"],"modified_by":"thomas.soyter","_links":{"self":[{"href":"https:\/\/www.der-informationsdesigner.de\/agentur-blog\/wp-json\/wp\/v2\/posts\/998","targetHints":{"allow":["GET"]}}],"collection":[{"href":"https:\/\/www.der-informationsdesigner.de\/agentur-blog\/wp-json\/wp\/v2\/posts"}],"about":[{"href":"https:\/\/www.der-informationsdesigner.de\/agentur-blog\/wp-json\/wp\/v2\/types\/post"}],"author":[{"embeddable":true,"href":"https:\/\/www.der-informationsdesigner.de\/agentur-blog\/wp-json\/wp\/v2\/users\/1"}],"replies":[{"embeddable":true,"href":"https:\/\/www.der-informationsdesigner.de\/agentur-blog\/wp-json\/wp\/v2\/comments?post=998"}],"version-history":[{"count":20,"href":"https:\/\/www.der-informationsdesigner.de\/agentur-blog\/wp-json\/wp\/v2\/posts\/998\/revisions"}],"predecessor-version":[{"id":2601,"href":"https:\/\/www.der-informationsdesigner.de\/agentur-blog\/wp-json\/wp\/v2\/posts\/998\/revisions\/2601"}],"wp:attachment":[{"href":"https:\/\/www.der-informationsdesigner.de\/agentur-blog\/wp-json\/wp\/v2\/media?parent=998"}],"wp:term":[{"taxonomy":"category","embeddable":true,"href":"https:\/\/www.der-informationsdesigner.de\/agentur-blog\/wp-json\/wp\/v2\/categories?post=998"},{"taxonomy":"post_tag","embeddable":true,"href":"https:\/\/www.der-informationsdesigner.de\/agentur-blog\/wp-json\/wp\/v2\/tags?post=998"}],"curies":[{"name":"wp","href":"https:\/\/api.w.org\/{rel}","templated":true}]}}